{"id":611,"date":"2025-09-03T12:52:33","date_gmt":"2025-09-03T12:52:33","guid":{"rendered":"http:\/\/estampadosprato.com\/?p=611"},"modified":"2025-09-03T12:55:01","modified_gmt":"2025-09-03T12:55:01","slug":"implantacion-de-un-sistema-de-gestion-para-el-control-de-fabricacion-con-etiquetado-y-rollado-en-acabados","status":"publish","type":"post","link":"http:\/\/estampadosprato.com\/?p=611","title":{"rendered":"<strong>IMPLANTACI\u00d3N DE UN SISTEMA DE GESTI\u00d3N PARA EL CONTROL DE FABRICACI\u00d3N, CON ETIQUETADO Y ROLLADO EN ACABADOS<\/strong>"},"content":{"rendered":"\n<p><strong><u>IMPLANTACI\u00d3N DE UN SISTEMA DE GESTI\u00d3N PARA EL CONTROL DE FABRICACI\u00d3N, CON ETIQUETADO Y ROLLADO EN ACABADOS<\/u><\/strong><\/p>\n\n\n\n<p>ESTAMPADOS PRATO, S.L., l\u00edder en el sector de estampados y acabados, ha dado un paso importante hacia la innovaci\u00f3n y la eficiencia en sus procesos productivos. Gracias a una subvenci\u00f3n concedida por <strong>IVACE<\/strong>, la empresa ha implementado un sistema de gesti\u00f3n integral que permite un control m\u00e1s preciso y eficiente de toda la fabricaci\u00f3n, incluyendo el etiquetado y el rollado de sus productos.<\/p>\n\n\n\n<p>Este nuevo sistema no solo mejora la trazabilidad y la organizaci\u00f3n interna, sino que tambi\u00e9n garantiza una respuesta m\u00e1s r\u00e1pida a las necesidades del mercado. La inversi\u00f3n en tecnolog\u00eda y la modernizaci\u00f3n de sus procesos reflejan el compromiso de ESTAMPADOS PRATO, S.L. con la excelencia y la innovaci\u00f3n en su sector.<\/p>\n\n\n\n<p>Desde la empresa, agradecen el apoyo del IVACE, que ha sido fundamental para llevar a cabo esta mejora tecnol\u00f3gica, y conf\u00edan en que esta iniciativa contribuya a fortalecer su posici\u00f3n en el mercado y a ofrecer un servicio a\u00fan m\u00e1s competitivo a sus clientes.<\/p>\n\n\n\n<p>Para este proyecto con t\u00edtulo \u201c<strong>Implantaci\u00f3n de un Sistema de gesti\u00f3n para el control de fabricaci\u00f3n, con etiquetado y rollado en acabados\u201d<\/strong> y n\u00famero de expediente IMDIGA\/2023\/247, presentado al programa DIGITALIZA-CV, el Instituto Valenciano de Competitividad Empresarial (IVACE) nos ha concedido una subvenci\u00f3n de 6.660,00 \u20ac. Esta subvenci\u00f3n est\u00e1 financiada en un 60% por la Uni\u00f3n Europea, dentro del Programa FEDER de la Comunitat Valenciana 2021-2027.<\/p>\n\n\n<div class=\"wp-block-image\">\n<figure class=\"aligncenter size-full\"><img loading=\"lazy\" decoding=\"async\" width=\"545\" height=\"62\" src=\"http:\/\/estampadosprato.com\/wp-content\/uploads\/2025\/02\/ivace-1.jpg\" alt=\"\" class=\"wp-image-608\" srcset=\"http:\/\/estampadosprato.com\/wp-content\/uploads\/2025\/02\/ivace-1.jpg 545w, http:\/\/estampadosprato.com\/wp-content\/uploads\/2025\/02\/ivace-1-300x34.jpg 300w\" sizes=\"auto, (max-width: 545px) 100vw, 545px\" \/><\/figure>\n<\/div>","protected":false},"excerpt":{"rendered":"<p>IMPLANTACI\u00d3N DE UN SISTEMA DE GESTI\u00d3N PARA EL CONTROL DE FABRICACI\u00d3N, CON ETIQUETADO Y ROLLADO EN ACABADOS ESTAMPADOS PRATO, S.L., l\u00edder en el sector de estampados y acabados, ha dado&#8230; <a href=\"http:\/\/estampadosprato.com\/?p=611\">Leer m\u00e1s &raquo;<\/a><\/p>\n","protected":false},"author":1,"featured_media":0,"comment_status":"closed","ping_status":"open","sticky":false,"template":"","format":"standard","meta":{"footnotes":""},"categories":[1],"tags":[],"class_list":["post-611","post","type-post","status-publish","format-standard","hentry","category-noticias"],"_links":{"self":[{"href":"http:\/\/estampadosprato.com\/index.php?rest_route=\/wp\/v2\/posts\/611","targetHints":{"allow":["GET"]}}],"collection":[{"href":"http:\/\/estampadosprato.com\/index.php?rest_route=\/wp\/v2\/posts"}],"about":[{"href":"http:\/\/estampadosprato.com\/index.php?rest_route=\/wp\/v2\/types\/post"}],"author":[{"embeddable":true,"href":"http:\/\/estampadosprato.com\/index.php?rest_route=\/wp\/v2\/users\/1"}],"replies":[{"embeddable":true,"href":"http:\/\/estampadosprato.com\/index.php?rest_route=%2Fwp%2Fv2%2Fcomments&post=611"}],"version-history":[{"count":1,"href":"http:\/\/estampadosprato.com\/index.php?rest_route=\/wp\/v2\/posts\/611\/revisions"}],"predecessor-version":[{"id":612,"href":"http:\/\/estampadosprato.com\/index.php?rest_route=\/wp\/v2\/posts\/611\/revisions\/612"}],"wp:attachment":[{"href":"http:\/\/estampadosprato.com\/index.php?rest_route=%2Fwp%2Fv2%2Fmedia&parent=611"}],"wp:term":[{"taxonomy":"category","embeddable":true,"href":"http:\/\/estampadosprato.com\/index.php?rest_route=%2Fwp%2Fv2%2Fcategories&post=611"},{"taxonomy":"post_tag","embeddable":true,"href":"http:\/\/estampadosprato.com\/index.php?rest_route=%2Fwp%2Fv2%2Ftags&post=611"}],"curies":[{"name":"wp","href":"https:\/\/api.w.org\/{rel}","templated":true}]}}