{"id":530,"date":"2021-04-13T16:20:12","date_gmt":"2021-04-13T16:20:12","guid":{"rendered":"http:\/\/estampadosprato.com\/?p=530"},"modified":"2023-09-14T13:13:54","modified_gmt":"2023-09-14T13:13:54","slug":"consolidacion-de-la-cadena-de-valor-empresarial-2","status":"publish","type":"post","link":"http:\/\/estampadosprato.com\/?p=530","title":{"rendered":"CONSOLIDACI\u00d3N DE LA CADENA DE VALOR EMPRESARIAL."},"content":{"rendered":"\n<p>La empresa <strong>Estampados Prato<\/strong>, junto a otras dos empresas, ha llevado a cabo un proyecto que cuenta con la ayuda de la <strong>Agencia Valenciana de la Innovaci\u00f3n (AVI)<\/strong> dentro de la actuaci\u00f3n \u201c<strong>Consolidaci\u00f3n de la cadena de valor empresarial<\/strong>\u201d, cuyo objetivo era el estudio y desarrollo de un m\u00e9todo completo de recuperaci\u00f3n y valorizaci\u00f3n de textiles mediante el desarrollo tecnol\u00f3gico de 4 nuevos productos textiles reciclados con funcionalidades altamente avanzadas (autolimpiante, bactericida, ign\u00edfugo\u2026) para el sector del textil-hogar.<\/p>\n\n\n\n<p>Estos productos son consecuencia de unir el desarrollo de procesos de reciclado, con procesos de funcionalizaci\u00f3n avanzada, mediante la investigaci\u00f3n de los m\u00e1s avanzados procesos de fabricaci\u00f3n textil digital, junto con el desarrollo de productos qu\u00edmicos de \u00faltima generaci\u00f3n y bajo impacto ecol\u00f3gico (libres de formaldehido).<\/p>\n\n\n\n<p>En este proyecto se ha trabajado en la generaci\u00f3n de un nuevo concepto de productos destinados al revestimiento de suelos y paredes basados en la utilizaci\u00f3n de materiales reciclados y convenientemente transformados, tratados y acabados, para lograr obtener productos innovadores, atractivos y competitivos.<\/p>\n\n\n\n<p>Tras finalizar el Hito 2 en marzo de 2021, las actuaciones llevadas a cabo han permitido desarrollar exitosamente una serie de nuevos productos basados en productos reciclados y logrados bajo un marco de econom\u00eda circular colaborativa, donde han participado diferentes empresas y organismos de investigaci\u00f3n. Concretamente, se ha desarrollado un nuevo concepto de revestimiento para suelos y paredes basados en no-tejidos totalmente reciclados, as\u00ed como una nueva alfombra reciclada de pelo y de rizo 100% reciclada y formada por la uni\u00f3n de diferentes sustratos. <strong>Estampados Prato<\/strong> ha tenido un papel relevante en este desarrollo, a trav\u00e9s de la investigaci\u00f3n y desarrollo de los diferentes tratamientos y acabados oportunos para lograr la aplicaci\u00f3n de una estampaci\u00f3n digital de calidad, as\u00ed como del correcto acabado y funcionalizaci\u00f3n de los sustratos con el objetivo de maximizar el valor a\u00f1adido de los productos.<\/p>\n\n\n\n<p>Los resultados obtenidos en el Hito 1 permitieron afrontar la segunda anualidad del proyecto (Hito 2) con optimismo, donde se han mejorado los productos ya realizados y se han desarrollado de nuevos, todos ellos basados en sustratos 100% reciclados y desarrollados bajo un marco de sostenibilidad y econom\u00eda colaborativa destinada a generar una cadena de valor entre las empresas participantes.<\/p>\n\n\n\n<p><\/p>\n\n\n\n<figure class=\"wp-block-table\"><table><tbody><tr><td>Empresa:<\/td><td><strong>Estampados Prato, S.L.<\/strong><\/td><\/tr><tr><td>T\u00edtulo Proyecto:<\/td><td><strong>Investigaci\u00f3n y Desarrollo de un Sistema de Valorizaci\u00f3n Tecnol\u00f3gica del Reciclado de Productos Textiles<\/strong><\/td><\/tr><tr><td>N\u00ba Expediente:<\/td><td><strong>INNCAD00\/19\/021<\/strong><\/td><\/tr><tr><td>Subvenci\u00f3n:<\/td><td><strong>144.154,46 \u20ac<\/strong><\/td><\/tr><\/tbody><\/table><\/figure>\n\n\n\n<figure class=\"wp-block-image size-large\"><img loading=\"lazy\" decoding=\"async\" width=\"1024\" height=\"318\" src=\"http:\/\/estampadosprato.com\/wp-content\/uploads\/2021\/04\/tots-1-1024x318.png\" alt=\"\" class=\"wp-image-533\" srcset=\"http:\/\/estampadosprato.com\/wp-content\/uploads\/2021\/04\/tots-1-1024x318.png 1024w, http:\/\/estampadosprato.com\/wp-content\/uploads\/2021\/04\/tots-1-300x93.png 300w, http:\/\/estampadosprato.com\/wp-content\/uploads\/2021\/04\/tots-1-768x239.png 768w, http:\/\/estampadosprato.com\/wp-content\/uploads\/2021\/04\/tots-1-624x194.png 624w, http:\/\/estampadosprato.com\/wp-content\/uploads\/2021\/04\/tots-1.png 1534w\" sizes=\"auto, (max-width: 1024px) 100vw, 1024px\" \/><\/figure>\n","protected":false},"excerpt":{"rendered":"<p>La empresa Estampados Prato, junto a otras dos empresas, ha llevado a cabo un proyecto que cuenta con la ayuda de la Agencia Valenciana de la Innovaci\u00f3n (AVI) dentro de&#8230; <a href=\"http:\/\/estampadosprato.com\/?p=530\">Leer m\u00e1s &raquo;<\/a><\/p>\n","protected":false},"author":1,"featured_media":0,"comment_status":"closed","ping_status":"closed","sticky":false,"template":"","format":"standard","meta":{"footnotes":""},"categories":[1],"tags":[],"class_list":["post-530","post","type-post","status-publish","format-standard","hentry","category-noticias"],"_links":{"self":[{"href":"http:\/\/estampadosprato.com\/index.php?rest_route=\/wp\/v2\/posts\/530","targetHints":{"allow":["GET"]}}],"collection":[{"href":"http:\/\/estampadosprato.com\/index.php?rest_route=\/wp\/v2\/posts"}],"about":[{"href":"http:\/\/estampadosprato.com\/index.php?rest_route=\/wp\/v2\/types\/post"}],"author":[{"embeddable":true,"href":"http:\/\/estampadosprato.com\/index.php?rest_route=\/wp\/v2\/users\/1"}],"replies":[{"embeddable":true,"href":"http:\/\/estampadosprato.com\/index.php?rest_route=%2Fwp%2Fv2%2Fcomments&post=530"}],"version-history":[{"count":3,"href":"http:\/\/estampadosprato.com\/index.php?rest_route=\/wp\/v2\/posts\/530\/revisions"}],"predecessor-version":[{"id":536,"href":"http:\/\/estampadosprato.com\/index.php?rest_route=\/wp\/v2\/posts\/530\/revisions\/536"}],"wp:attachment":[{"href":"http:\/\/estampadosprato.com\/index.php?rest_route=%2Fwp%2Fv2%2Fmedia&parent=530"}],"wp:term":[{"taxonomy":"category","embeddable":true,"href":"http:\/\/estampadosprato.com\/index.php?rest_route=%2Fwp%2Fv2%2Fcategories&post=530"},{"taxonomy":"post_tag","embeddable":true,"href":"http:\/\/estampadosprato.com\/index.php?rest_route=%2Fwp%2Fv2%2Ftags&post=530"}],"curies":[{"name":"wp","href":"https:\/\/api.w.org\/{rel}","templated":true}]}}