{"id":522,"date":"2021-01-18T17:36:37","date_gmt":"2021-01-18T17:36:37","guid":{"rendered":"http:\/\/estampadosprato.com\/?p=522"},"modified":"2023-09-14T13:14:06","modified_gmt":"2023-09-14T13:14:06","slug":"funcionalizacion-avanzada-de-tejidos-estampados-digitalmente","status":"publish","type":"post","link":"http:\/\/estampadosprato.com\/?p=522","title":{"rendered":"FUNCIONALIZACI\u00d3N AVANZADA DE TEJIDOS ESTAMPADOS DIGITALMENTE."},"content":{"rendered":"\n<p>La empresa <strong>Estampados Prato<\/strong> gracias al<strong> t\u00e9cnico contratado <\/strong>est\u00e1 llevando a cabo un proyecto cuyo objetivo es, desarrollar procesos de ennoblecimiento de tejidos estampados digitalmente con el fin de dar lugar a tejidos funcionalizados avanzados con propiedades espec\u00edficas tales como: antimanchas, ign\u00edfugos, antibacterias y con una gran solidez al frote.<\/p>\n\n\n\n<p>La finalidad del programa \u201c<strong>Promoci\u00f3n del Talento<\/strong>\u201d por el cual hemos recibido una ayuda de 12.023,55 \u20ac para el a\u00f1o 2020 y de 18.357,50 \u20ac para el a\u00f1o 2021, de la <strong>Agencia Valenciana de la Innovaci\u00f3n (AVI) <\/strong>es, la contrataci\u00f3n de investigadores y tecn\u00f3logos para desarrollar proyectos de I+D+i o implantar tecnolog\u00edas relacionadas con la nueva econom\u00eda en empresas, o bien desarrollar proyectos que faciliten la consolidaci\u00f3n de nuevas empresas innovadoras. La persona contratada se deber\u00e1 dedicar de manera exclusiva a tareas de I+D+i, implantaci\u00f3n de tecnolog\u00edas o proyectos de consolidaci\u00f3n previstos en la memoria descriptiva del proyecto.<\/p>\n\n\n\n<p>El proyecto se ha planteado desde las necesidades industriales del sector textil de mejorar los procesos e innovar en los productos de acabado para: reducir el impacto ambiental de la aplicaci\u00f3n de tradicionales productos antimanchas, ign\u00edfugos y antibacterias supone, mejorar el rendimiento de la estampaci\u00f3n digital a nivel de solideces y dar nuevas propiedades avanzadas a los tejidos, para crear productos con alto valor a\u00f1adido.<\/p>\n\n\n\n<p>Destacar, como parte esencial de este proyecto, la reducci\u00f3n del impacto ambiental que se buscar con la aplicaci\u00f3n de estos nuevos procesos desde dos vertientes, por una parte la optimizaci\u00f3n de los procesos cuyo objetivo es reducir los consumos de productos, de agua y de energ\u00eda, y en segundo t\u00e9rmino la aplicaci\u00f3n de productos alternativos y menos t\u00f3xicos a los actualmente usados para lograr acabados antimanchas, ign\u00edfugos y antibacterias, que se encuentran en el punto de mira del REACH y de otras normativas sostenibles, como GRS, tan demanda actualmente.<\/p>\n\n\n\n<p><\/p>\n\n\n\n<figure class=\"wp-block-image size-large\"><img loading=\"lazy\" decoding=\"async\" width=\"567\" height=\"90\" src=\"http:\/\/estampadosprato.com\/wp-content\/uploads\/2021\/01\/generalitat2021.jpg\" alt=\"\" class=\"wp-image-523\" srcset=\"http:\/\/estampadosprato.com\/wp-content\/uploads\/2021\/01\/generalitat2021.jpg 567w, http:\/\/estampadosprato.com\/wp-content\/uploads\/2021\/01\/generalitat2021-300x48.jpg 300w\" sizes=\"auto, (max-width: 567px) 100vw, 567px\" \/><\/figure>\n\n\n\n<p><\/p>\n","protected":false},"excerpt":{"rendered":"<p>La empresa Estampados Prato gracias al t\u00e9cnico contratado est\u00e1 llevando a cabo un proyecto cuyo objetivo es, desarrollar procesos de ennoblecimiento de tejidos estampados digitalmente con el fin de dar&#8230; <a href=\"http:\/\/estampadosprato.com\/?p=522\">Leer m\u00e1s &raquo;<\/a><\/p>\n","protected":false},"author":1,"featured_media":0,"comment_status":"closed","ping_status":"closed","sticky":false,"template":"","format":"standard","meta":{"footnotes":""},"categories":[1],"tags":[],"class_list":["post-522","post","type-post","status-publish","format-standard","hentry","category-noticias"],"_links":{"self":[{"href":"http:\/\/estampadosprato.com\/index.php?rest_route=\/wp\/v2\/posts\/522","targetHints":{"allow":["GET"]}}],"collection":[{"href":"http:\/\/estampadosprato.com\/index.php?rest_route=\/wp\/v2\/posts"}],"about":[{"href":"http:\/\/estampadosprato.com\/index.php?rest_route=\/wp\/v2\/types\/post"}],"author":[{"embeddable":true,"href":"http:\/\/estampadosprato.com\/index.php?rest_route=\/wp\/v2\/users\/1"}],"replies":[{"embeddable":true,"href":"http:\/\/estampadosprato.com\/index.php?rest_route=%2Fwp%2Fv2%2Fcomments&post=522"}],"version-history":[{"count":1,"href":"http:\/\/estampadosprato.com\/index.php?rest_route=\/wp\/v2\/posts\/522\/revisions"}],"predecessor-version":[{"id":524,"href":"http:\/\/estampadosprato.com\/index.php?rest_route=\/wp\/v2\/posts\/522\/revisions\/524"}],"wp:attachment":[{"href":"http:\/\/estampadosprato.com\/index.php?rest_route=%2Fwp%2Fv2%2Fmedia&parent=522"}],"wp:term":[{"taxonomy":"category","embeddable":true,"href":"http:\/\/estampadosprato.com\/index.php?rest_route=%2Fwp%2Fv2%2Fcategories&post=522"},{"taxonomy":"post_tag","embeddable":true,"href":"http:\/\/estampadosprato.com\/index.php?rest_route=%2Fwp%2Fv2%2Ftags&post=522"}],"curies":[{"name":"wp","href":"https:\/\/api.w.org\/{rel}","templated":true}]}}