{"id":470,"date":"2020-01-09T16:14:35","date_gmt":"2020-01-09T16:14:35","guid":{"rendered":"http:\/\/estampadosprato.com\/?p=470"},"modified":"2020-05-12T09:58:44","modified_gmt":"2020-05-12T09:58:44","slug":"consolidacion-de-la-cadena-de-valor-empresarial","status":"publish","type":"post","link":"http:\/\/estampadosprato.com\/?p=470","title":{"rendered":"CONSOLIDACI\u00d3N DE LA CADENA DE VALOR EMPRESARIAL"},"content":{"rendered":"\n<p>La empresa <strong>Estampados Prato<\/strong>, junto a otras dos empresas, est\u00e1 llevando a cabo un proyecto que cuenta con la ayuda de la Agencia Valenciana de la Innovaci\u00f3n (AVI) dentro de la actuaci\u00f3n \u201cConsolidaci\u00f3n de la cadena de valor empresarial\u201d, cuyo objetivo es el estudio y desarrollo de un m\u00e9todo completo de recuperaci\u00f3n y valorizaci\u00f3n de textiles mediante el desarrollo tecnol\u00f3gico de 4 nuevos productos textiles reciclados con funcionalidades altamente avanzadas (autolimpiante, bactericida, ign\u00edfugo\u2026) para el sector del textil-hogar. <\/p>\n\n\n\n<p>Estos productos ser\u00e1n la consecuencia de unir el desarrollo de procesos de reciclado, con procesos de funcionalizaci\u00f3n avanzada, mediante la investigaci\u00f3n de los m\u00e1s avanzados procesos de fabricaci\u00f3n textil digital, junto con el desarrollo de productos qu\u00edmicos de \u00faltima generaci\u00f3n y bajo impacto ecol\u00f3gico (libres de formaldehido).<\/p>\n\n\n\n<p>Con este proyecto se trabaja en la generaci\u00f3n de un nuevo concepto de productos destinados al revestimiento de suelos y paredes basados en la utilizaci\u00f3n de materiales reciclados y convenientemente transformados, tratados y acabados, para lograr obtener productos innovadores, atractivos y competitivos. <\/p>\n\n\n\n<p>Tras finalizar el Hito 1 en diciembre de 2019, las actuaciones llevadas a cabo han permitido desarrollar dos productos destinados al revestimiento de suelos. Concretamente, se ha desarrollado una moqueta estampada y una alfombra de pelo estampada, ambos obtenidos a partir de un sustrato 100% y 50% reciclado respectivamente. Estampados Prato ha tenido un papel relevante en este desarrollo, realizando una completa investigaci\u00f3n de los materiales, productos y procesos necesarios para lograr formular y aplicar con \u00e9xito los diferentes tratamientos y acabados que definen la calidad final de ambos productos.<\/p>\n\n\n\n<p>Los resultados obtenidos permiten afrontar la segunda anualidad del proyecto con optimismo, donde se buscar\u00e1 la mejora de los productos ya realizados y el desarrollo de nuevos, todos ellos basados en sustratos 100% reciclados y desarrollados bajo un marco de sostenibilidad y econom\u00eda colaborativa destinada a generar un cadena de valor entre las empresas participantes.<\/p>\n\n\n\n<p><\/p>\n\n\n\n<p><\/p>\n\n\n\n<figure class=\"wp-block-table aligncenter\"><table><tbody><tr><td>\n  Empresa:\n  <\/td><td>\n  <strong>Estampados Prato, S.L.<\/strong>\n  <\/td><\/tr><tr><td>\n  T\u00edtulo Proyecto:\n  <\/td><td>\n  <strong>Investigaci\u00f3n y Desarrollo de un Sistema de Valorizaci\u00f3n\n  Tecnol\u00f3gica del Reciclado de Productos Textiles<\/strong>\n  <\/td><\/tr><tr><td>\n  N\u00ba Expediente:\n  <\/td><td>\n  <strong>INNCAD00\/19\/021<\/strong>\n  <\/td><\/tr><tr><td>\n  Subvenci\u00f3n:\n  <\/td><td>\n  <strong>144.154,46 \u20ac<\/strong>\n  <\/td><\/tr><\/tbody><\/table><\/figure>\n\n\n\n<p><\/p>\n\n\n\n<div class=\"wp-block-image\"><figure class=\"aligncenter size-large\"><img loading=\"lazy\" decoding=\"async\" width=\"567\" height=\"90\" src=\"http:\/\/estampadosprato.com\/wp-content\/uploads\/2020\/01\/logonoticia2019.jpg\" alt=\"\" class=\"wp-image-472\" srcset=\"http:\/\/estampadosprato.com\/wp-content\/uploads\/2020\/01\/logonoticia2019.jpg 567w, http:\/\/estampadosprato.com\/wp-content\/uploads\/2020\/01\/logonoticia2019-300x48.jpg 300w\" sizes=\"auto, (max-width: 567px) 100vw, 567px\" \/><\/figure><\/div>\n","protected":false},"excerpt":{"rendered":"<p>La empresa Estampados Prato, junto a otras dos empresas, est\u00e1 llevando a cabo un proyecto que cuenta con la ayuda de la Agencia Valenciana de la Innovaci\u00f3n (AVI) dentro de&#8230; <a href=\"http:\/\/estampadosprato.com\/?p=470\">Leer m\u00e1s &raquo;<\/a><\/p>\n","protected":false},"author":1,"featured_media":0,"comment_status":"closed","ping_status":"closed","sticky":false,"template":"","format":"standard","meta":{"footnotes":""},"categories":[1],"tags":[],"class_list":["post-470","post","type-post","status-publish","format-standard","hentry","category-noticias"],"_links":{"self":[{"href":"http:\/\/estampadosprato.com\/index.php?rest_route=\/wp\/v2\/posts\/470","targetHints":{"allow":["GET"]}}],"collection":[{"href":"http:\/\/estampadosprato.com\/index.php?rest_route=\/wp\/v2\/posts"}],"about":[{"href":"http:\/\/estampadosprato.com\/index.php?rest_route=\/wp\/v2\/types\/post"}],"author":[{"embeddable":true,"href":"http:\/\/estampadosprato.com\/index.php?rest_route=\/wp\/v2\/users\/1"}],"replies":[{"embeddable":true,"href":"http:\/\/estampadosprato.com\/index.php?rest_route=%2Fwp%2Fv2%2Fcomments&post=470"}],"version-history":[{"count":6,"href":"http:\/\/estampadosprato.com\/index.php?rest_route=\/wp\/v2\/posts\/470\/revisions"}],"predecessor-version":[{"id":495,"href":"http:\/\/estampadosprato.com\/index.php?rest_route=\/wp\/v2\/posts\/470\/revisions\/495"}],"wp:attachment":[{"href":"http:\/\/estampadosprato.com\/index.php?rest_route=%2Fwp%2Fv2%2Fmedia&parent=470"}],"wp:term":[{"taxonomy":"category","embeddable":true,"href":"http:\/\/estampadosprato.com\/index.php?rest_route=%2Fwp%2Fv2%2Fcategories&post=470"},{"taxonomy":"post_tag","embeddable":true,"href":"http:\/\/estampadosprato.com\/index.php?rest_route=%2Fwp%2Fv2%2Ftags&post=470"}],"curies":[{"name":"wp","href":"https:\/\/api.w.org\/{rel}","templated":true}]}}