{"id":192,"date":"2018-01-18T16:47:11","date_gmt":"2018-01-18T16:47:11","guid":{"rendered":"http:\/\/estampadosprato.com\/?p=192"},"modified":"2018-01-18T16:48:05","modified_gmt":"2018-01-18T16:48:05","slug":"digitaliza-cv","status":"publish","type":"post","link":"http:\/\/estampadosprato.com\/?p=192","title":{"rendered":"DIGITALIZA-CV"},"content":{"rendered":"<p>La empresa ESTAMPADOS PRATO, S.L mediante el apoyo financiero del\u00a0 Instituto Valenciano de Competitividad Empresarial (IVACE) a trav\u00e9s del Programa Digitaliza CV ha obtenido la siguiente subvenci\u00f3n para el proyecto de digitalizaci\u00f3n que ha llevado a cabo y que tambi\u00e9n ha contado con el apoyo de la Uni\u00f3n Europea por haber sido seleccionado el proyecto en PO FEDER de la Comunitat Valenciana 2014-2020.<\/p>\n<p>Este proyecto ha consistido, por un lado, en el desarrollo e implantaci\u00f3n de un sistema informatizado de control y gesti\u00f3n integrado para el proceso de estampaci\u00f3n digital, y por otro lado, mejorar la automatizaci\u00f3n y capacidades productivas del proceso de dosificaci\u00f3n de productos qu\u00edmicos para operaciones de tintura y rame.<\/p>\n<p><strong>\u00a0<\/strong><\/p>\n<table>\n<tbody>\n<tr>\n<td width=\"151\">T\u00edtulo Proyecto:<\/td>\n<td width=\"431\"><strong>IMPLANTACI\u00d3N DE UN SISTEMA DE CONTROL Y GESTI\u00d3N DE LA INFORMACI\u00d3N INTEGRADO PARA PROCESO DE ESTAMPACI\u00d3N DIGITAL Y AUTOMATIZACI\u00d3N DE DOSIFICADORA DE PRODUCTOS QU\u00cdMICOS.<\/strong><\/td>\n<\/tr>\n<tr>\n<td width=\"151\">N\u00ba Expediente:<\/td>\n<td width=\"431\"><strong>IMDIGA\/2016\/165<\/strong><\/td>\n<\/tr>\n<tr>\n<td width=\"151\">Subvenci\u00f3n:<\/td>\n<td width=\"431\"><strong>12.610,29 \u20ac<\/strong><\/td>\n<\/tr>\n<\/tbody>\n<\/table>\n<p><strong>\u00a0<img loading=\"lazy\" decoding=\"async\" class=\"aligncenter size-full wp-image-193\" src=\"http:\/\/estampadosprato.com\/wp-content\/uploads\/2018\/01\/digitaliza.jpg\" alt=\"\" width=\"567\" height=\"288\" srcset=\"http:\/\/estampadosprato.com\/wp-content\/uploads\/2018\/01\/digitaliza.jpg 567w, http:\/\/estampadosprato.com\/wp-content\/uploads\/2018\/01\/digitaliza-300x152.jpg 300w\" sizes=\"auto, (max-width: 567px) 100vw, 567px\" \/><\/strong><\/p>\n<p>&nbsp;<\/p>\n","protected":false},"excerpt":{"rendered":"<p>La empresa ESTAMPADOS PRATO, S.L mediante el apoyo financiero del\u00a0 Instituto Valenciano de Competitividad Empresarial (IVACE) a trav\u00e9s del Programa Digitaliza CV ha obtenido la siguiente subvenci\u00f3n para el proyecto&#8230; <a href=\"http:\/\/estampadosprato.com\/?p=192\">Leer m\u00e1s &raquo;<\/a><\/p>\n","protected":false},"author":1,"featured_media":0,"comment_status":"closed","ping_status":"closed","sticky":false,"template":"","format":"standard","meta":{"footnotes":""},"categories":[1],"tags":[],"class_list":["post-192","post","type-post","status-publish","format-standard","hentry","category-noticias"],"_links":{"self":[{"href":"http:\/\/estampadosprato.com\/index.php?rest_route=\/wp\/v2\/posts\/192","targetHints":{"allow":["GET"]}}],"collection":[{"href":"http:\/\/estampadosprato.com\/index.php?rest_route=\/wp\/v2\/posts"}],"about":[{"href":"http:\/\/estampadosprato.com\/index.php?rest_route=\/wp\/v2\/types\/post"}],"author":[{"embeddable":true,"href":"http:\/\/estampadosprato.com\/index.php?rest_route=\/wp\/v2\/users\/1"}],"replies":[{"embeddable":true,"href":"http:\/\/estampadosprato.com\/index.php?rest_route=%2Fwp%2Fv2%2Fcomments&post=192"}],"version-history":[{"count":2,"href":"http:\/\/estampadosprato.com\/index.php?rest_route=\/wp\/v2\/posts\/192\/revisions"}],"predecessor-version":[{"id":195,"href":"http:\/\/estampadosprato.com\/index.php?rest_route=\/wp\/v2\/posts\/192\/revisions\/195"}],"wp:attachment":[{"href":"http:\/\/estampadosprato.com\/index.php?rest_route=%2Fwp%2Fv2%2Fmedia&parent=192"}],"wp:term":[{"taxonomy":"category","embeddable":true,"href":"http:\/\/estampadosprato.com\/index.php?rest_route=%2Fwp%2Fv2%2Fcategories&post=192"},{"taxonomy":"post_tag","embeddable":true,"href":"http:\/\/estampadosprato.com\/index.php?rest_route=%2Fwp%2Fv2%2Ftags&post=192"}],"curies":[{"name":"wp","href":"https:\/\/api.w.org\/{rel}","templated":true}]}}