{"id":132,"date":"2017-10-27T18:19:15","date_gmt":"2017-10-27T18:19:15","guid":{"rendered":"http:\/\/estampadosprato.com\/?p=132"},"modified":"2017-10-30T17:09:21","modified_gmt":"2017-10-30T17:09:21","slug":"el-ivace-se-ha-adaptado-en-tiempo-record-al-tren-de-la-industria-4-0","status":"publish","type":"post","link":"http:\/\/estampadosprato.com\/?p=132","title":{"rendered":"Estampados Prato se ha adaptado en tiempo r\u00e9cord al tren de la Industria 4.0"},"content":{"rendered":"<p>&nbsp;<\/p>\n<p>El conseller d&#8217;Economia Sostenible, Sectors Productius, Comer\u00e7 i Treball, Rafa Climent, i la directora general de l&#8217;Institut Valenci\u00e0 de Competitivitat Empresarial (Ivace), J\u00falia Company, han presentat davant una \u00e0mplia representaci\u00f3 del sistema soci econ\u00f2mic valenci\u00e0 el Pla Agenda Ind\u00fastria 4.0 de la Comunitat Valenciana, que coordina l\u00b4Ivace i que naix com full de ruta per a impulsar la digitalitzaci\u00f3 de les empreses de la Comunitat, amb la finalitat d&#8217;aconseguir una ind\u00fastria intel\u00b7ligent, sostenible i integradora.<\/p>\n<p>&nbsp;<\/p>\n<figure class=\"wp-block-embed wp-block-embed-youtube is-type-video is-provider-youtube epyt-figure\"><div class=\"wp-block-embed__wrapper\"><iframe loading=\"lazy\"  id=\"_ytid_86609\"  width=\"625\" height=\"352\"  data-origwidth=\"625\" data-origheight=\"352\" src=\"https:\/\/www.youtube.com\/embed\/DeTkOa4VseU?enablejsapi=1&autoplay=0&cc_load_policy=0&cc_lang_pref=&iv_load_policy=1&loop=0&rel=1&fs=1&playsinline=0&autohide=2&theme=dark&color=red&controls=1&disablekb=0&\" class=\"__youtube_prefs__  no-lazyload\" title=\"YouTube player\"  allow=\"fullscreen; accelerometer; autoplay; clipboard-write; encrypted-media; gyroscope; picture-in-picture; web-share\" referrerpolicy=\"strict-origin-when-cross-origin\" allowfullscreen data-no-lazy=\"1\" data-skipgform_ajax_framebjll=\"\"><\/iframe><\/div><\/figure>\n","protected":false},"excerpt":{"rendered":"<p>&nbsp; El conseller d&#8217;Economia Sostenible, Sectors Productius, Comer\u00e7 i Treball, Rafa Climent, i la directora general de l&#8217;Institut Valenci\u00e0 de Competitivitat Empresarial (Ivace), J\u00falia Company, han presentat davant una \u00e0mplia&#8230; <a href=\"http:\/\/estampadosprato.com\/?p=132\">Leer m\u00e1s &raquo;<\/a><\/p>\n","protected":false},"author":1,"featured_media":0,"comment_status":"closed","ping_status":"closed","sticky":false,"template":"","format":"standard","meta":{"footnotes":""},"categories":[1],"tags":[],"class_list":["post-132","post","type-post","status-publish","format-standard","hentry","category-noticias"],"_links":{"self":[{"href":"http:\/\/estampadosprato.com\/index.php?rest_route=\/wp\/v2\/posts\/132","targetHints":{"allow":["GET"]}}],"collection":[{"href":"http:\/\/estampadosprato.com\/index.php?rest_route=\/wp\/v2\/posts"}],"about":[{"href":"http:\/\/estampadosprato.com\/index.php?rest_route=\/wp\/v2\/types\/post"}],"author":[{"embeddable":true,"href":"http:\/\/estampadosprato.com\/index.php?rest_route=\/wp\/v2\/users\/1"}],"replies":[{"embeddable":true,"href":"http:\/\/estampadosprato.com\/index.php?rest_route=%2Fwp%2Fv2%2Fcomments&post=132"}],"version-history":[{"count":6,"href":"http:\/\/estampadosprato.com\/index.php?rest_route=\/wp\/v2\/posts\/132\/revisions"}],"predecessor-version":[{"id":140,"href":"http:\/\/estampadosprato.com\/index.php?rest_route=\/wp\/v2\/posts\/132\/revisions\/140"}],"wp:attachment":[{"href":"http:\/\/estampadosprato.com\/index.php?rest_route=%2Fwp%2Fv2%2Fmedia&parent=132"}],"wp:term":[{"taxonomy":"category","embeddable":true,"href":"http:\/\/estampadosprato.com\/index.php?rest_route=%2Fwp%2Fv2%2Fcategories&post=132"},{"taxonomy":"post_tag","embeddable":true,"href":"http:\/\/estampadosprato.com\/index.php?rest_route=%2Fwp%2Fv2%2Ftags&post=132"}],"curies":[{"name":"wp","href":"https:\/\/api.w.org\/{rel}","templated":true}]}}